{"id":4252,"date":"2019-02-12T08:39:33","date_gmt":"2019-02-12T08:39:33","guid":{"rendered":"https:\/\/www.fundacionmigres.org\/?p=4252"},"modified":"2019-02-12T12:08:55","modified_gmt":"2019-02-12T12:08:55","slug":"proyecto-pardelas-del-estrecho-resultados-campana-2018","status":"publish","type":"post","link":"https:\/\/www.fundacionmigres.org\/en\/proyecto-pardelas-del-estrecho-resultados-campana-2018\/","title":{"rendered":"PROYECTO \u201cPARDELAS DEL ESTRECHO\u201d. RESULTADOS CAMPA\u00d1A 2018."},"content":{"rendered":"\n<p>El objetivo del\nProyecto \u201cPardelas del Estrecho\u201d es la estima del paso y\ntendencias recientes de dos especies de aves marinas amenazadas, la\nPardela Balear (<em>Puffinus mauretanicus<\/em>) \u2013catalogada En\nPeligro- y la Pardela Cenicienta (<em>Calonectris diomedea<\/em>)\n\u2013Vulnerable-, a partir de los censos de su paso migratorio por el\nestrecho de Gibraltar. Este proyecto cuenta con el apoyo del\nMinisterio de Transici\u00f3n Ecol\u00f3gica a trav\u00e9s de la Fundaci\u00f3n\nBiodiversidad y se encuadra dentro de las labores de seguimiento de\nla migraci\u00f3n de aves planeadoras, marinas y costeras y paseriformes\npor el estrecho de Gibraltar (Programa Migres), que se desarrollan\ndesde 1997 hasta la actualidad.<\/p>\n\n\n\n<p>\nDurante la campa\u00f1a 2018 se han realizado censos diarios desde el\nobservatorio de Punta Marroqu\u00ed (Isla de las Palomas, Tarifa, C\u00e1diz)\nentre el 10 de octubre y el 30 de noviembre, realizadas por un equipo\nde ornit\u00f3logos expertos apoyados por voluntarios. Como resultado de\neste esfuerzo se han registrado 323,348 aves marinas pertenecientes a\n45 especies, siendo las m\u00e1s abundantes la pardela cenicienta, el\nalcatraz atl\u00e1ntico, la pardela balear y el charr\u00e1n patinegro. En\nesta campa\u00f1a se ha estimado un paso global de 17.000 pardelas\nbaleares (16.490-17.560 individuos) en paso hacia el Mediterr\u00e1neo y\n301.570 pardelas cenicientas (293.150-310.190 individuos) en paso\nhacia el Atl\u00e1ntico, lo que evidencia la importancia del estrecho de\nGibraltar para la migraci\u00f3n de estas dos aves marinas amenazadas, y\naporta una informaci\u00f3n \u00fatil para su posible designaci\u00f3n como Zona\nde Especial Protecci\u00f3n para las Aves (ZEPA) en el contexto del\nProyecto LIFE IP-PAF INTEMARES (LIFE15 IPE ES012).<\/p>\n\n\n\n<p>M\u00e1s informaci\u00f3n\nen: <a href=\"https:\/\/www.fundacionmigres.org\/\">www.fundacionmigres.org<\/a><\/p>\n","protected":false},"excerpt":{"rendered":"<p>El objetivo del Proyecto \u201cPardelas del Estrecho\u201d es la estima del paso y tendencias recientes de dos especies de aves marinas amenazadas, la Pardela Balear (Puffinus [&hellip;]<\/p>\n","protected":false},"author":5,"featured_media":4258,"comment_status":"open","ping_status":"open","sticky":false,"template":"","format":"standard","meta":{"footnotes":""},"categories":[16,15],"tags":[],"_links":{"self":[{"href":"https:\/\/www.fundacionmigres.org\/en\/wp-json\/wp\/v2\/posts\/4252"}],"collection":[{"href":"https:\/\/www.fundacionmigres.org\/en\/wp-json\/wp\/v2\/posts"}],"about":[{"href":"https:\/\/www.fundacionmigres.org\/en\/wp-json\/wp\/v2\/types\/post"}],"author":[{"embeddable":true,"href":"https:\/\/www.fundacionmigres.org\/en\/wp-json\/wp\/v2\/users\/5"}],"replies":[{"embeddable":true,"href":"https:\/\/www.fundacionmigres.org\/en\/wp-json\/wp\/v2\/comments?post=4252"}],"version-history":[{"count":1,"href":"https:\/\/www.fundacionmigres.org\/en\/wp-json\/wp\/v2\/posts\/4252\/revisions"}],"predecessor-version":[{"id":4254,"href":"https:\/\/www.fundacionmigres.org\/en\/wp-json\/wp\/v2\/posts\/4252\/revisions\/4254"}],"wp:featuredmedia":[{"embeddable":true,"href":"https:\/\/www.fundacionmigres.org\/en\/wp-json\/wp\/v2\/media\/4258"}],"wp:attachment":[{"href":"https:\/\/www.fundacionmigres.org\/en\/wp-json\/wp\/v2\/media?parent=4252"}],"wp:term":[{"taxonomy":"category","embeddable":true,"href":"https:\/\/www.fundacionmigres.org\/en\/wp-json\/wp\/v2\/categories?post=4252"},{"taxonomy":"post_tag","embeddable":true,"href":"https:\/\/www.fundacionmigres.org\/en\/wp-json\/wp\/v2\/tags?post=4252"}],"curies":[{"name":"wp","href":"https:\/\/api.w.org\/{rel}","templated":true}]}}