{"id":3315,"date":"2016-04-08T11:34:37","date_gmt":"2016-04-08T11:34:37","guid":{"rendered":"https:\/\/www.fundacionmigres.org\/?p=3315"},"modified":"2016-04-21T08:53:18","modified_gmt":"2016-04-21T08:53:18","slug":"video-proyecto-aguila-imperial-iberica-donana","status":"publish","type":"post","link":"https:\/\/www.fundacionmigres.org\/en\/video-proyecto-aguila-imperial-iberica-donana\/","title":{"rendered":"V\u00eddeo Proyecto \u00c1guila Imperial Ib\u00e9rica Do\u00f1ana"},"content":{"rendered":"<p><iframe loading=\"lazy\" width=\"1200\" height=\"675\" src=\"https:\/\/www.youtube.com\/embed\/I_kR4rqNjNo?feature=oembed\" frameborder=\"0\" allowfullscreen><\/iframe><\/p>\n","protected":false},"excerpt":{"rendered":"","protected":false},"author":1,"featured_media":3318,"comment_status":"open","ping_status":"open","sticky":false,"template":"","format":"standard","meta":{"footnotes":""},"categories":[1],"tags":[],"_links":{"self":[{"href":"https:\/\/www.fundacionmigres.org\/en\/wp-json\/wp\/v2\/posts\/3315"}],"collection":[{"href":"https:\/\/www.fundacionmigres.org\/en\/wp-json\/wp\/v2\/posts"}],"about":[{"href":"https:\/\/www.fundacionmigres.org\/en\/wp-json\/wp\/v2\/types\/post"}],"author":[{"embeddable":true,"href":"https:\/\/www.fundacionmigres.org\/en\/wp-json\/wp\/v2\/users\/1"}],"replies":[{"embeddable":true,"href":"https:\/\/www.fundacionmigres.org\/en\/wp-json\/wp\/v2\/comments?post=3315"}],"version-history":[{"count":1,"href":"https:\/\/www.fundacionmigres.org\/en\/wp-json\/wp\/v2\/posts\/3315\/revisions"}],"predecessor-version":[{"id":3316,"href":"https:\/\/www.fundacionmigres.org\/en\/wp-json\/wp\/v2\/posts\/3315\/revisions\/3316"}],"wp:featuredmedia":[{"embeddable":true,"href":"https:\/\/www.fundacionmigres.org\/en\/wp-json\/wp\/v2\/media\/3318"}],"wp:attachment":[{"href":"https:\/\/www.fundacionmigres.org\/en\/wp-json\/wp\/v2\/media?parent=3315"}],"wp:term":[{"taxonomy":"category","embeddable":true,"href":"https:\/\/www.fundacionmigres.org\/en\/wp-json\/wp\/v2\/categories?post=3315"},{"taxonomy":"post_tag","embeddable":true,"href":"https:\/\/www.fundacionmigres.org\/en\/wp-json\/wp\/v2\/tags?post=3315"}],"curies":[{"name":"wp","href":"https:\/\/api.w.org\/{rel}","templated":true}]}}