{"id":3312,"date":"2016-04-08T11:27:30","date_gmt":"2016-04-08T11:27:30","guid":{"rendered":"https:\/\/www.fundacionmigres.org\/?p=3312"},"modified":"2016-04-12T09:18:33","modified_gmt":"2016-04-12T09:18:33","slug":"aguila-imperial","status":"publish","type":"post","link":"https:\/\/www.fundacionmigres.org\/en\/aguila-imperial\/","title":{"rendered":"La imperial remonta el vuelo"},"content":{"rendered":"<p>El <strong>\u00e1guila imperial ib\u00e9rica<\/strong>, especie end\u00e9mica de la Pen\u00ednsula y una de las aves m\u00e1s amenazadas del mundo, remonta el vuelo con casi un millar de ejemplares diseminados por todo el territorio peninsular, aunque la escasez de conejos, su principal alimento y la electrocuci\u00f3n a\u00fan marcan su conservaci\u00f3n.<\/p>\n<p>En los d\u00e9cada de los 80, el n\u00famero de parejas en la Pen\u00ednsula de esta especie (<em>Aquila adalberti<\/em>) era de 103 y actualmente hay censadas casi 500, de las que 100 se encuentran en Andaluc\u00eda (15 en Do\u00f1ana) y el resto en Extremadura, Castilla-La Mancha, Madrid, Castilla y Le\u00f3n y Portugal.<\/p>\n<p>En un acto celebrado el pasado 6 de abril en el Centro El Acebuche de Do\u00f1ana se han presentado los resultados del proyecto &#8220;Seguimiento cient\u00edfico del \u00c1guila Imperial en el Espacio de Do\u00f1ana&#8221; que durante 2014-2015 ha seguido la evoluci\u00f3n de esta poblaci\u00f3n para poner freno a su mortalidad.<\/p>\n<p>Para acometer esta empresa, puesta en marcha por la <strong>Fundaci\u00f3n Migres<\/strong>, la <strong>Estaci\u00f3n Biol\u00f3gica de Do\u00f1ana<\/strong> (<strong>CSIC<\/strong>), la <strong>Consejer\u00eda de Medio Ambiente de Andaluc\u00eda<\/strong> y la <strong>Fundaci\u00f3n Banco Santander<\/strong>, se ha procedido, entre otras actuaciones, al arreglo de nidos, el anillamiento y el seguimiento de pollos mediante telemetr\u00eda.<\/p>\n<p>El \u00e1guila imperial ib\u00e9rica, una rapaz de gran tama\u00f1o y pelaje oscuro, salvo los hombros blancos, alcanza la madurez a los 5 a\u00f1os, tiene una estimaci\u00f3n de vida en torno a los 30 y su dieta la forman aves acu\u00e1ticas, peque\u00f1os roedores y el conejo, un 80% de su dieta.<\/p>\n<p>Entre las amenazas que merman la poblaci\u00f3n de esta rapaz se encuentran, la disminuci\u00f3n de las poblaciones de conejo, la electrocuci\u00f3n en su migraci\u00f3n a Marruecos, la infertilizaci\u00f3n de ejemplares y una proporci\u00f3n de sexos desviado hacia machos.<\/p>\n<p>Miguel Ferrer, investigador del Espacio Biol\u00f3gico de Do\u00f1ana (EBD\/CSIC), ha explicado que durante los 80 la poblaci\u00f3n estuvo al &#8220;borde de la desaparici\u00f3n&#8221; debido a la electrocuci\u00f3n en tendidos el\u00e9ctricos que acab\u00f3 con la muerte del 80% de los pollos en su primer a\u00f1o de vida.<\/p>\n<p>Con el arreglo de los tendidos el problema se solvent\u00f3 en Espa\u00f1a, ha se\u00f1alado el experto.<\/p>\n<p>Sin embargo, la electrocuci\u00f3n contin\u00faa hoy en d\u00eda generando mortandad en Marruecos donde las \u00e1guilas, en su migraci\u00f3n transfronteriza al reino alau\u00ed, chocan con los postes el\u00e9ctricos.<\/p>\n<p>De este modo -ha asegurado- Marruecos podr\u00eda estar actuando como un sumidero y Espa\u00f1a como fuente.<\/p>\n<p>A este respecto, ha a\u00f1adido que el nivel actual de colaboraci\u00f3n con el gobierno marroqu\u00ed y empresas el\u00e9ctricas es &#8220;alto&#8221; con el fin de atajar las electrocuciones: &#8220;Nos servimos de la experiencia espa\u00f1ola&#8221;.<\/p>\n<p>Otro de los grandes problemas que debe sortear el \u00e1guila imperial en Do\u00f1ana es la escasez de conejos.<\/p>\n<p>Las enfermedades end\u00e9micas que soporta este peque\u00f1o mam\u00edfero diezman la poblaci\u00f3n en Do\u00f1ana que hoy en d\u00eda es de 0,2 ejemplares por hect\u00e1rea, cantidad incapaz de sostener un n\u00facleo poblacional de rapaces.<\/p>\n<p>&#8220;Es muy dif\u00edcil conseguir una poblaci\u00f3n adecuada de conejos, aunque no imposible&#8221;, ha matizado el investigador.<\/p>\n<p>Asimismo, este proyecto ha alumbrado que los pollos de Do\u00f1ana contactan con la subpoblaci\u00f3n gaditana y a trav\u00e9s de \u00e9sta con la de Sierra Morena, rompiendo su aislamiento e incrementando sus probabilidades de supervivencia al erradicar la consanguineidad.<\/p>\n<p>Para Ferrer, la reintroducci\u00f3n de pollos en C\u00e1diz ha sido vital para la recuperaci\u00f3n del \u00e1guila imperial debido al corredor migratorio que forma con Do\u00f1ana, Portugal y sierra Morena adem\u00e1s de ser el puerto de salida para la poblaci\u00f3n africana.<\/p>\n<p>Otra novedad en el proyecto, como la incorporaci\u00f3n de emisores satelitales a las aves ha puesto de manifiesto que el \u00e1guila imperial es capaz de volar m\u00e1s de 1.000 km en dos d\u00edas y migrar hasta pa\u00edses como Senegal.<\/p>\n<p>Durante el acto, Eva Casado, directora de la Fundaci\u00f3n Migres, ha expuesto que estos a\u00f1os de seguimiento han proporcionado resultados en su &#8220;mayor\u00eda positivos&#8221; lo que sugiere que la poblaci\u00f3n del \u00e1guila imperial se mantiene estable o en ligero crecimiento.<\/p>\n<p>Durante el tiempo del proyecto se ocuparon 11 territorios de media, la fecundidad media fue de 0,9 pollos por pareja y el sexo ratio (proporci\u00f3n de sexos de los pollos volados) se desvi\u00f3 ligeramente hacia hembras: en 2014 nacieron 3 machos y 5 hembras y en 2015, 3 machos y 4 hembras.<\/p>\n<p>&#8220;De continuar esta progresi\u00f3n, en tres a\u00f1os, esta especie dejar\u00eda de estar en peligro cr\u00edtico de extinci\u00f3n en Andaluc\u00eda para pasar a considerarse vulnerable&#8221;.<\/p>\n<p>Borja Baselga, director gerente de la Fundaci\u00f3n Santander, ha advertido de la importancia de la protecci\u00f3n transfronteriza, &#8220;algo esencial para la supervivencia de esta especie&#8221;, en referencia a la mortalidad de ejemplares en su traves\u00eda a Marruecos.<\/p>\n<p>Puedes leer esta noticia en los principales medios de comunicaci\u00f3n:<\/p>\n<p><a href=\"http:\/\/elpais.com\/elpais\/2016\/04\/07\/ciencia\/1460048914_910658.html\" target=\"_blank\">EL PAIS<\/a><br \/>\n<a href=\"http:\/\/elpais.com\/elpais\/2016\/04\/07\/ciencia\/1460048914_910658.html\" target=\"_blank\">EFEVERDE<\/a><br \/>\n<a href=\"http:\/\/elpais.com\/elpais\/2016\/04\/07\/ciencia\/1460048914_910658.html\" target=\"_blank\">EUROPAPRESS<\/a><br \/>\n<a href=\"http:\/\/elpais.com\/elpais\/2016\/04\/07\/ciencia\/1460048914_910658.html\" target=\"_blank\">CADENA SER<\/a><br \/>\n<a href=\"http:\/\/elpais.com\/elpais\/2016\/04\/07\/ciencia\/1460048914_910658.html\" target=\"_blank\">DIARIO DE C\u00c1DIZ<\/a><br \/>\n<a href=\"http:\/\/elpais.com\/elpais\/2016\/04\/07\/ciencia\/1460048914_910658.html\" target=\"_blank\">DIARIO DE SEVILLA<\/a><br \/>\n<a href=\"http:\/\/www.telecinco.es\/informativos\/sociedad\/imperial-recupera-poblacion-Espana-expertos_0_2159325453.html\" target=\"_blank\">TELECINCO<\/a><br \/>\n<a href=\"http:\/\/www.antena3.com\/noticias\/ciencia\/crece-numero-aguilas-imperiales-ibericas-pese-continuar-amenazadas_2016040600436.html\" target=\"_blank\">ANTENA 3<\/a><\/p>\n","protected":false},"excerpt":{"rendered":"<p>El \u00e1guila imperial ib\u00e9rica, especie end\u00e9mica de la Pen\u00ednsula y una de las aves m\u00e1s amenazadas del mundo, remonta el vuelo con casi un millar de [&hellip;]<\/p>\n","protected":false},"author":1,"featured_media":3313,"comment_status":"open","ping_status":"open","sticky":false,"template":"","format":"standard","meta":{"footnotes":""},"categories":[16],"tags":[],"_links":{"self":[{"href":"https:\/\/www.fundacionmigres.org\/en\/wp-json\/wp\/v2\/posts\/3312"}],"collection":[{"href":"https:\/\/www.fundacionmigres.org\/en\/wp-json\/wp\/v2\/posts"}],"about":[{"href":"https:\/\/www.fundacionmigres.org\/en\/wp-json\/wp\/v2\/types\/post"}],"author":[{"embeddable":true,"href":"https:\/\/www.fundacionmigres.org\/en\/wp-json\/wp\/v2\/users\/1"}],"replies":[{"embeddable":true,"href":"https:\/\/www.fundacionmigres.org\/en\/wp-json\/wp\/v2\/comments?post=3312"}],"version-history":[{"count":3,"href":"https:\/\/www.fundacionmigres.org\/en\/wp-json\/wp\/v2\/posts\/3312\/revisions"}],"predecessor-version":[{"id":3321,"href":"https:\/\/www.fundacionmigres.org\/en\/wp-json\/wp\/v2\/posts\/3312\/revisions\/3321"}],"wp:featuredmedia":[{"embeddable":true,"href":"https:\/\/www.fundacionmigres.org\/en\/wp-json\/wp\/v2\/media\/3313"}],"wp:attachment":[{"href":"https:\/\/www.fundacionmigres.org\/en\/wp-json\/wp\/v2\/media?parent=3312"}],"wp:term":[{"taxonomy":"category","embeddable":true,"href":"https:\/\/www.fundacionmigres.org\/en\/wp-json\/wp\/v2\/categories?post=3312"},{"taxonomy":"post_tag","embeddable":true,"href":"https:\/\/www.fundacionmigres.org\/en\/wp-json\/wp\/v2\/tags?post=3312"}],"curies":[{"name":"wp","href":"https:\/\/api.w.org\/{rel}","templated":true}]}}