{"id":3184,"date":"2016-03-02T11:04:06","date_gmt":"2016-03-02T11:04:06","guid":{"rendered":"https:\/\/www.fundacionmigres.org\/?p=3184"},"modified":"2016-04-05T12:53:39","modified_gmt":"2016-04-05T12:53:39","slug":"charla-conferencia-aves-costeras","status":"publish","type":"post","link":"https:\/\/www.fundacionmigres.org\/en\/charla-conferencia-aves-costeras\/","title":{"rendered":"Conferencia Aves Costeras Amenazadas"},"content":{"rendered":"<p>El pr\u00f3ximo 1 de abril a las 18:00 horas en la\u00a0Casa de la Ciencia de Sevilla organizamos una interesant\u00edsima conferencia a cargo de la doctora Beatriz Mart\u00edn sobre el impacto de los turistas sobre las aves en un espacio protegido como es el Paraje Natural Playa de los Lances.<\/p>\n<p>La playa de Los Lances, en Tarifa (C\u00e1diz) es ampliamente conocida por sus frecuentes y fuertes vientos, que atraen a turistas de todas partes del mundo. Esta playa se sit\u00faa en la parte occidental del Parque Natural del Estrecho, y est\u00e1 incluida en el Paraje Natural Protegido. M\u00e1s all\u00e1 de su valor para surfistas y otors practicantes de deportes acu\u00e1ticos, el buen estado de conservaci\u00f3n en el que se encuentra esta playa es tambi\u00e9n un reclamo tur\u00edstico de importante valor. Este valor natural de la zona ha hecho que, en \u00e9poca reciente, se haya construido una pasarela de madera que une el n\u00facleo urbano de Tarifa con el \u00e1rea protegida, dando acceso a paseantes y ciclistas a un observatorio para el avistamiento de aves en el coraz\u00f3n del Paraje Natural.<\/p>\n<p>La conferencia es\u00a0completamente gratuita.<\/p>\n<p>M\u00e1s informaci\u00f3n en <a href=\"mailto:bjimenez@fundacionmigres.org\">bjimenez@fundacionmigres.org<\/a><\/p>\n<p>&nbsp;<\/p>\n<p>&nbsp;<\/p>\n","protected":false},"excerpt":{"rendered":"<p>El pr\u00f3ximo 1 de abril a las 18:00 horas en la\u00a0Casa de la Ciencia de Sevilla organizamos una interesant\u00edsima conferencia a cargo de la doctora Beatriz [&hellip;]<\/p>\n","protected":false},"author":1,"featured_media":3304,"comment_status":"open","ping_status":"open","sticky":false,"template":"","format":"standard","meta":{"footnotes":""},"categories":[1],"tags":[],"_links":{"self":[{"href":"https:\/\/www.fundacionmigres.org\/en\/wp-json\/wp\/v2\/posts\/3184"}],"collection":[{"href":"https:\/\/www.fundacionmigres.org\/en\/wp-json\/wp\/v2\/posts"}],"about":[{"href":"https:\/\/www.fundacionmigres.org\/en\/wp-json\/wp\/v2\/types\/post"}],"author":[{"embeddable":true,"href":"https:\/\/www.fundacionmigres.org\/en\/wp-json\/wp\/v2\/users\/1"}],"replies":[{"embeddable":true,"href":"https:\/\/www.fundacionmigres.org\/en\/wp-json\/wp\/v2\/comments?post=3184"}],"version-history":[{"count":4,"href":"https:\/\/www.fundacionmigres.org\/en\/wp-json\/wp\/v2\/posts\/3184\/revisions"}],"predecessor-version":[{"id":3302,"href":"https:\/\/www.fundacionmigres.org\/en\/wp-json\/wp\/v2\/posts\/3184\/revisions\/3302"}],"wp:featuredmedia":[{"embeddable":true,"href":"https:\/\/www.fundacionmigres.org\/en\/wp-json\/wp\/v2\/media\/3304"}],"wp:attachment":[{"href":"https:\/\/www.fundacionmigres.org\/en\/wp-json\/wp\/v2\/media?parent=3184"}],"wp:term":[{"taxonomy":"category","embeddable":true,"href":"https:\/\/www.fundacionmigres.org\/en\/wp-json\/wp\/v2\/categories?post=3184"},{"taxonomy":"post_tag","embeddable":true,"href":"https:\/\/www.fundacionmigres.org\/en\/wp-json\/wp\/v2\/tags?post=3184"}],"curies":[{"name":"wp","href":"https:\/\/api.w.org\/{rel}","templated":true}]}}