{"id":3089,"date":"2016-02-17T13:41:24","date_gmt":"2016-02-17T13:41:24","guid":{"rendered":"https:\/\/www.fundacionmigres.org\/?p=3089"},"modified":"2016-04-20T08:35:00","modified_gmt":"2016-04-20T08:35:00","slug":"taller-cajas-nido","status":"publish","type":"post","link":"https:\/\/www.fundacionmigres.org\/en\/taller-cajas-nido\/","title":{"rendered":"Taller de cajas nido, \u00bfte apuntas? \u00a1NUEVA FECHA!"},"content":{"rendered":"<p><\/p>\n<h5><hr class=\"no_line\" style=\"margin: 0 auto 30px;\"\/>\n<\/h5>\n<p><strong>Posponemos el taller de construcci\u00f3n de cajas nido para el domingo 13 de marzo.<\/strong><\/p>\n<p>Ap\u00fantate a este interesante taller de construcci\u00f3n y colocaci\u00f3n de cajas nido.\u00a0Determinadas aves insect\u00edvoras de inter\u00e9s forestal utilizan los huecos naturales que se producen en el tronco y ramas gruesas de los \u00e1rboles para nidificar y para protegerse de las inclemencias atmosf\u00e9ricas o de la acci\u00f3n depredadora de sus enemigos naturales. Las cajas nido suplen la carencia de estos huecos, logr\u00e1ndose un incremento generalizado en las poblaciones de estas aves y su estabilidad y permanencia en el ecosistema forestal, con el consiguiente beneficio para la biodiversidad de la zona.<\/p>\n<p><strong>La actividad comenzar\u00e1 a las 10:00h y finalizar\u00e1 antes de la hora del almuerzo (aprox. 15:00h). Lo realizaremos en el\u00a0Centro Internacional de la Migraci\u00f3n de la Aves, CIMA. <\/strong><\/p>\n<p>Organizamos esta actividad dentro del proyecto <a href=\"http:\/\/www.tejiendocustodia.org\/events\/taller-de-construccion-y-colocacion-de-cajas-nido-en-punta-camorro\/\" target=\"_blank\">\u201cTejiendo Redes para la Custodia del territorio en Espa\u00f1a\u201d<\/a>, una iniciativa de la Xarxa de Custodia del Territori y la Obra Social \u201cla Caixa\u201d.<\/p>\n<p>La experiencia va dirigida a ni\u00f1os a partir de 6 a\u00f1os acompa\u00f1ados de un adulto. Una vez finalice la construcci\u00f3n de las cajas nido las colocaremos para que puedan ser ocupadas por sus futuros hu\u00e9spedes.<\/p>\n<p>Para participar en este taller es imprescindible rellenar el siguiente <a href=\"https:\/\/docs.google.com\/forms\/d\/1i4XpvDUZvsmTp6PdMQ35GBCPYZGEjiwHtXWBSGNMXUI\/viewform?edit_requested=true\" target=\"_blank\"><strong>formulario<\/strong> <\/a>antes del viernes 11 de marzo.<\/p>\n<p>\u00a1Date prisa, s\u00f3lo tenemos 15 plazas!<\/p>\n<p>Para mayor informaci\u00f3n escr\u00edbenos a: <a href=\"mailto:bjimenez@fundacionmigres.org\" target=\"_blank\">bjimenez@fundacionmigres.org<\/a><\/p>\n<div class=\"hr_dots\" style=\"margin: 0 auto 30px;\"><span><\/span><span><\/span><span><\/span><\/div>\n\n<p>&nbsp;<\/p>","protected":false},"excerpt":{"rendered":"<p>Posponemos el taller de construcci\u00f3n de cajas nido para el domingo 13 de marzo. Ap\u00fantate a este interesante taller de construcci\u00f3n y colocaci\u00f3n de cajas nido.\u00a0Determinadas [&hellip;]<\/p>\n","protected":false},"author":1,"featured_media":3201,"comment_status":"open","ping_status":"open","sticky":false,"template":"","format":"standard","meta":{"footnotes":""},"categories":[1],"tags":[],"_links":{"self":[{"href":"https:\/\/www.fundacionmigres.org\/en\/wp-json\/wp\/v2\/posts\/3089"}],"collection":[{"href":"https:\/\/www.fundacionmigres.org\/en\/wp-json\/wp\/v2\/posts"}],"about":[{"href":"https:\/\/www.fundacionmigres.org\/en\/wp-json\/wp\/v2\/types\/post"}],"author":[{"embeddable":true,"href":"https:\/\/www.fundacionmigres.org\/en\/wp-json\/wp\/v2\/users\/1"}],"replies":[{"embeddable":true,"href":"https:\/\/www.fundacionmigres.org\/en\/wp-json\/wp\/v2\/comments?post=3089"}],"version-history":[{"count":7,"href":"https:\/\/www.fundacionmigres.org\/en\/wp-json\/wp\/v2\/posts\/3089\/revisions"}],"predecessor-version":[{"id":3418,"href":"https:\/\/www.fundacionmigres.org\/en\/wp-json\/wp\/v2\/posts\/3089\/revisions\/3418"}],"wp:featuredmedia":[{"embeddable":true,"href":"https:\/\/www.fundacionmigres.org\/en\/wp-json\/wp\/v2\/media\/3201"}],"wp:attachment":[{"href":"https:\/\/www.fundacionmigres.org\/en\/wp-json\/wp\/v2\/media?parent=3089"}],"wp:term":[{"taxonomy":"category","embeddable":true,"href":"https:\/\/www.fundacionmigres.org\/en\/wp-json\/wp\/v2\/categories?post=3089"},{"taxonomy":"post_tag","embeddable":true,"href":"https:\/\/www.fundacionmigres.org\/en\/wp-json\/wp\/v2\/tags?post=3089"}],"curies":[{"name":"wp","href":"https:\/\/api.w.org\/{rel}","templated":true}]}}