{"id":3051,"date":"2016-02-03T13:28:59","date_gmt":"2016-02-03T13:28:59","guid":{"rendered":"https:\/\/www.fundacionmigres.org\/?p=3051"},"modified":"2016-02-15T08:41:46","modified_gmt":"2016-02-15T08:41:46","slug":"taller-identificacion-aves","status":"publish","type":"post","link":"https:\/\/www.fundacionmigres.org\/en\/taller-identificacion-aves\/","title":{"rendered":"Taller de identificaci\u00f3n de aves"},"content":{"rendered":"<p>Actividad que acercar\u00e1 al mundo de la ornitolog\u00eda a ni\u00f1os, j\u00f3venes y adultos.<\/p>\n<p>Hablaremos de las t\u00e9cnicas de identificaci\u00f3n de los diferentes grupos de aves y trataremos en profundidad las aves m\u00e1s comunes.<\/p>\n<p>Taller completamente gratuito.<\/p>\n<p>M\u00e1s informaci\u00f3n e inscripci\u00f3n en <a href=\"mailto:bjimenez@fundacionmigres.org\">bjimenez@fundacionmigres.org<\/a><\/p>\n<p>&nbsp;<\/p>\n<hr class=\" hr_color\" style=\"margin: 0 auto 30px;\"\/>\n\n","protected":false},"excerpt":{"rendered":"<p>Actividad que acercar\u00e1 al mundo de la ornitolog\u00eda a ni\u00f1os, j\u00f3venes y adultos. Hablaremos de las t\u00e9cnicas de identificaci\u00f3n de los diferentes grupos de aves y [&hellip;]<\/p>\n","protected":false},"author":1,"featured_media":3054,"comment_status":"open","ping_status":"open","sticky":false,"template":"","format":"standard","meta":{"footnotes":""},"categories":[1],"tags":[],"_links":{"self":[{"href":"https:\/\/www.fundacionmigres.org\/en\/wp-json\/wp\/v2\/posts\/3051"}],"collection":[{"href":"https:\/\/www.fundacionmigres.org\/en\/wp-json\/wp\/v2\/posts"}],"about":[{"href":"https:\/\/www.fundacionmigres.org\/en\/wp-json\/wp\/v2\/types\/post"}],"author":[{"embeddable":true,"href":"https:\/\/www.fundacionmigres.org\/en\/wp-json\/wp\/v2\/users\/1"}],"replies":[{"embeddable":true,"href":"https:\/\/www.fundacionmigres.org\/en\/wp-json\/wp\/v2\/comments?post=3051"}],"version-history":[{"count":1,"href":"https:\/\/www.fundacionmigres.org\/en\/wp-json\/wp\/v2\/posts\/3051\/revisions"}],"predecessor-version":[{"id":3052,"href":"https:\/\/www.fundacionmigres.org\/en\/wp-json\/wp\/v2\/posts\/3051\/revisions\/3052"}],"wp:featuredmedia":[{"embeddable":true,"href":"https:\/\/www.fundacionmigres.org\/en\/wp-json\/wp\/v2\/media\/3054"}],"wp:attachment":[{"href":"https:\/\/www.fundacionmigres.org\/en\/wp-json\/wp\/v2\/media?parent=3051"}],"wp:term":[{"taxonomy":"category","embeddable":true,"href":"https:\/\/www.fundacionmigres.org\/en\/wp-json\/wp\/v2\/categories?post=3051"},{"taxonomy":"post_tag","embeddable":true,"href":"https:\/\/www.fundacionmigres.org\/en\/wp-json\/wp\/v2\/tags?post=3051"}],"curies":[{"name":"wp","href":"https:\/\/api.w.org\/{rel}","templated":true}]}}