{"id":2380,"date":"2015-06-12T07:51:25","date_gmt":"2015-06-12T07:51:25","guid":{"rendered":"https:\/\/www.fundacionmigres.org\/?p=2380"},"modified":"2015-11-03T16:11:29","modified_gmt":"2015-11-03T16:11:29","slug":"ratoneros-comunes-ya-no-quieren-migrar","status":"publish","type":"post","link":"https:\/\/www.fundacionmigres.org\/en\/ratoneros-comunes-ya-no-quieren-migrar\/","title":{"rendered":"Los ratoneros comunes ya no quieren migrar"},"content":{"rendered":"<h5><hr class=\"no_line\" style=\"margin: 0 auto 30px;\"\/>\n<\/h5>\n<p>Estudiando las recuperaciones de ratoneros comunes anillados a lo largo de Europa junto con los conteos de migraci\u00f3n que se realizan en Falsterbo (Suecia) y el estrecho de Gibraltar durante los \u00faltimos 40 a\u00f1os, podemos ver que se ha producido una reducci\u00f3n significativa en el n\u00famero de ratoneros que pasan cada oto\u00f1o a trav\u00e9s de Suecia y Espa\u00f1a. Este menor n\u00famero de ejemplares avistados en migraci\u00f3n se relaciona con un aumento de los individuos sedentarios de ratonero y con un acortamiento de las distancias de migraci\u00f3n en esta especie a lo largo de Europa desde 1959 hasta la actualidad. Estos cambios en el comportamiento migratorio del ratonero com\u00fan en Europa tendr\u00e1n muy posiblemente consecuencias ecol\u00f3gicas y evolutivas para las diferentes especies del g\u00e9nero <em>Buteo<\/em> pues benefician al ratonero (<em>Buteo buteo buteo<\/em>) com\u00fan que, probablemente, competir\u00e1 y desplazar\u00e1 de sus actuales \u00e1reas de distribuci\u00f3n en el centro y el este de Europa a los ratoneros de estepa (<em>Buteo buteo vulpinus<\/em>).<\/p>\n<div class=\"hr_dots\" style=\"margin: 0 auto 30px;\"><span><\/span><span><\/span><span><\/span><\/div>\n\n<p><span style=\"line-height: 1.5;\">Si quieres ver el art\u00edculo completo, puedes consultarlo\u00a0haciendo clic:<\/span><\/p>\n<p><span style=\"line-height: 1.5;\"><a class=\"button  button_right button_grey button_js\" href=\"http:\/\/www.int-res.com\/abstracts\/cr\/v60\/n3\/p187-197\/\"  target=\"_blank\"   ><span class=\"button_icon\"><i class=\"icon-book\" ><\/i><\/span><span class=\"button_label\">Art\u00edculo original<\/span><\/a>\n<\/span><\/p>\n","protected":false},"excerpt":{"rendered":"<p>Estudiando las recuperaciones de ratoneros comunes anillados a lo largo de Europa junto con los conteos de migraci\u00f3n que se realizan en Falsterbo (Suecia) y el [&hellip;]<\/p>\n","protected":false},"author":1,"featured_media":2734,"comment_status":"open","ping_status":"open","sticky":false,"template":"","format":"standard","meta":{"footnotes":""},"categories":[16],"tags":[],"_links":{"self":[{"href":"https:\/\/www.fundacionmigres.org\/en\/wp-json\/wp\/v2\/posts\/2380"}],"collection":[{"href":"https:\/\/www.fundacionmigres.org\/en\/wp-json\/wp\/v2\/posts"}],"about":[{"href":"https:\/\/www.fundacionmigres.org\/en\/wp-json\/wp\/v2\/types\/post"}],"author":[{"embeddable":true,"href":"https:\/\/www.fundacionmigres.org\/en\/wp-json\/wp\/v2\/users\/1"}],"replies":[{"embeddable":true,"href":"https:\/\/www.fundacionmigres.org\/en\/wp-json\/wp\/v2\/comments?post=2380"}],"version-history":[{"count":3,"href":"https:\/\/www.fundacionmigres.org\/en\/wp-json\/wp\/v2\/posts\/2380\/revisions"}],"predecessor-version":[{"id":2735,"href":"https:\/\/www.fundacionmigres.org\/en\/wp-json\/wp\/v2\/posts\/2380\/revisions\/2735"}],"wp:featuredmedia":[{"embeddable":true,"href":"https:\/\/www.fundacionmigres.org\/en\/wp-json\/wp\/v2\/media\/2734"}],"wp:attachment":[{"href":"https:\/\/www.fundacionmigres.org\/en\/wp-json\/wp\/v2\/media?parent=2380"}],"wp:term":[{"taxonomy":"category","embeddable":true,"href":"https:\/\/www.fundacionmigres.org\/en\/wp-json\/wp\/v2\/categories?post=2380"},{"taxonomy":"post_tag","embeddable":true,"href":"https:\/\/www.fundacionmigres.org\/en\/wp-json\/wp\/v2\/tags?post=2380"}],"curies":[{"name":"wp","href":"https:\/\/api.w.org\/{rel}","templated":true}]}}