{"id":2375,"date":"2015-06-13T07:45:50","date_gmt":"2015-06-13T07:45:50","guid":{"rendered":"https:\/\/www.fundacionmigres.org\/?p=2375"},"modified":"2016-02-05T14:50:35","modified_gmt":"2016-02-05T14:50:35","slug":"efectos-negativos-en-las-poblaciones-migratorias-de-aves-limicolas","status":"publish","type":"post","link":"https:\/\/www.fundacionmigres.org\/en\/efectos-negativos-en-las-poblaciones-migratorias-de-aves-limicolas\/","title":{"rendered":"Molestias de la presencia humana que tienen efectos negativos en las poblaciones migratorias de aves lim\u00edcolas"},"content":{"rendered":"<h5><hr class=\"no_line\" style=\"margin: 0 auto 30px;\"\/>\n<\/h5>\n<p>La playa de Los Lances, en Tarifa (C\u00e1diz) se sit\u00faa en la parte occidental del Parque Natural del Estrecho y est\u00e1 incluida en un Paraje Natural Protegido que lleva su mismo nombre. Desde el a\u00f1o 2005 y hasta la fecha, la Fundaci\u00f3n Migres lleva desarrollando censos peri\u00f3dicos de las aves de la zona, en combinaci\u00f3n con una campa\u00f1a de concienciaci\u00f3n, financiada por la Fundaci\u00f3n Biodiversidad y en la que han participado numerosos voluntarios.<\/p>\n<p>El valor natural del Paraje Natural de Los Lances ha hecho que en el a\u00f1o 2008 se construyera para los visitantes del enclave una pasarela de madera que une el n\u00facleo urbano de Tarifa con el \u00e1rea protegida. A pesar de que la pasarela intent\u00f3 ser respetuosa con el medio, su construcci\u00f3n supuso un aumento de cerca de cuatro veces el n\u00famero de personas presentes en verano en el Paraje Natural, lo que ha afectado negativamente a las poblaciones de lim\u00edcolas que hacen all\u00ed su parada migratoria cada verano. En la \u00e9poca estival, las especies migratorias de aves lim\u00edcolas utilizan la playa como etapa intermedia en su largo viaje desde sus zonas de cr\u00eda (en Norte Am\u00e9rica y Norte de Europa) hasta aquellas en las que pasar\u00e1n el invierno (en Europa occidental y \u00c1frica), siguiendo la ruta de migraci\u00f3n del Atl\u00e1ntico Oriental. En esta \u00e9poca, las aves son especialmente sensibles, porque necesitan tranquilidad para poder recuperar energ\u00eda y poder as\u00ed comenzar la siguiente etapa de su ruta migratoria.<\/p>\n<div class=\"hr_dots\" style=\"margin: 0 auto 30px;\"><span><\/span><span><\/span><span><\/span><\/div>\n\n<p><span style=\"line-height: 1.5;\">Si quieres ver el art\u00edculo completo, puedes consultarlo\u00a0haciendo clic:<\/span><\/p>\n<p><span style=\"line-height: 1.5;\"><a class=\"button  button_right button_grey button_js\" href=\"http:\/\/onlinelibrary.wiley.com\/store\/10.1111\/acv.12139\/asset\/acv12139.pdf?v=1&amp;t=icevcf7y&amp;s=331a9ab3953b72fac762459d7b7384884972eb42\"  target=\"_blank\"   ><span class=\"button_icon\"><i class=\"icon-book\" ><\/i><\/span><span class=\"button_label\">Art\u00edculo original<\/span><\/a>\n<\/span><\/p>\n","protected":false},"excerpt":{"rendered":"<p>La playa de Los Lances, en Tarifa (C\u00e1diz) se sit\u00faa en la parte occidental del Parque Natural del Estrecho y est\u00e1 incluida en un Paraje Natural [&hellip;]<\/p>\n","protected":false},"author":1,"featured_media":2738,"comment_status":"open","ping_status":"open","sticky":false,"template":"","format":"standard","meta":{"footnotes":""},"categories":[1],"tags":[],"_links":{"self":[{"href":"https:\/\/www.fundacionmigres.org\/en\/wp-json\/wp\/v2\/posts\/2375"}],"collection":[{"href":"https:\/\/www.fundacionmigres.org\/en\/wp-json\/wp\/v2\/posts"}],"about":[{"href":"https:\/\/www.fundacionmigres.org\/en\/wp-json\/wp\/v2\/types\/post"}],"author":[{"embeddable":true,"href":"https:\/\/www.fundacionmigres.org\/en\/wp-json\/wp\/v2\/users\/1"}],"replies":[{"embeddable":true,"href":"https:\/\/www.fundacionmigres.org\/en\/wp-json\/wp\/v2\/comments?post=2375"}],"version-history":[{"count":4,"href":"https:\/\/www.fundacionmigres.org\/en\/wp-json\/wp\/v2\/posts\/2375\/revisions"}],"predecessor-version":[{"id":2736,"href":"https:\/\/www.fundacionmigres.org\/en\/wp-json\/wp\/v2\/posts\/2375\/revisions\/2736"}],"wp:featuredmedia":[{"embeddable":true,"href":"https:\/\/www.fundacionmigres.org\/en\/wp-json\/wp\/v2\/media\/2738"}],"wp:attachment":[{"href":"https:\/\/www.fundacionmigres.org\/en\/wp-json\/wp\/v2\/media?parent=2375"}],"wp:term":[{"taxonomy":"category","embeddable":true,"href":"https:\/\/www.fundacionmigres.org\/en\/wp-json\/wp\/v2\/categories?post=2375"},{"taxonomy":"post_tag","embeddable":true,"href":"https:\/\/www.fundacionmigres.org\/en\/wp-json\/wp\/v2\/tags?post=2375"}],"curies":[{"name":"wp","href":"https:\/\/api.w.org\/{rel}","templated":true}]}}